{"id":4381,"date":"2026-02-09T13:17:42","date_gmt":"2026-02-09T12:17:42","guid":{"rendered":"https:\/\/www.schuetzenkapelle-rhade.de\/wp\/?p=4381"},"modified":"2026-02-09T13:17:42","modified_gmt":"2026-02-09T12:17:42","slug":"anika-hinzmann-ist-musikerin-des-jahres","status":"publish","type":"post","link":"https:\/\/www.schuetzenkapelle-rhade.de\/wp\/anika-hinzmann-ist-musikerin-des-jahres\/","title":{"rendered":"Anika Hinzmann ist Musikerin des Jahres"},"content":{"rendered":"<h1>Anika Hinzmann ist Musikerin des Jahres<\/h1>\n<h3>Jahreshauptversammlung der Sch\u00fctzenkapelle Rhade<\/h3>\n<p>\u201eGigantisch sch\u00f6n!\u201c beschreibt Christoph Weigel das Jahr 2025 auf der Jahreshauptversammlung der Sch\u00fctzenkapelle Rhade. Sowohl die vergangenen Neujahrskonzerte als auch die Brotzeit sind f\u00fcr ihn Highlights, die er wohl nie vergessen werde.<\/p>\n<h4><\/h4>\n<h4>Musikerin des Jahres<\/h4>\n<p>Verantwortlich f\u00fcr diese G\u00e4nsehautmomente war unter anderem Anika Hinzmann, weshalb die Wahl der Musikerin des Jahres auch verdient auf sie fiel.<\/p>\n<p>Federf\u00fchrend mit Wenzel Krampe und Alexander Stroick erarbeitete sie das Konzept der Brotzeit, um den Menschen in Rhade, Dorsten und \u00fcber die Stadtgrenzen hinaus ein einmaliges Erlebnis zu bescheren. Anikas Einsatz in Bezug auf die Organisation der Veranstaltung, Musikauswahl und wie man die richtige Atmosph\u00e4re f\u00fcr ein Sommerhighlight schafft, war besonders. Auch in Sachen Kommunikation, Werbung und Ablauf engagierte sie sich zielf\u00fchrend und intensiv, damit die Veranstaltung zu dem wurde, wie sich die Sch\u00fctzenkapelle Rhade es sich ertr\u00e4umt hatte.<\/p>\n<p>Bei einem Event, welches \u00fcber eineinhalb Jahre Planung bedarf, zeigt sich wie sehr Anika mit dem Verein Sch\u00fctzenkapelle Rhade verbunden ist. Nicht nur als Mitglied im Vorstand (Kassiererin), sondern auch als ausgezeichnete Musikerin, ist sie unverzichtbar.<\/p>\n<p>Ebenfalls wissenswert: Anika Hinzmann verleiht jedem Neujahrskonzert das besondere Etwas. Die perfekte Abstimmung der Leinwandshow mit den Konzertst\u00fccken stammt aus ihrer Feder und macht die Neujahrskonzerte einmalig wunderbar.<\/p>\n<p>Verdient fiel die Wahl zur Musikerin des Jahres also auf Anika.<\/p>\n<p>&nbsp;<\/p>\n<h4>Die weitere Versammlung \u2013 Berichte der Dirigenten, Jugendleiter und Ausbildungsarbeit<\/h4>\n<p>Zur\u00fcckgeblickt auf die Brotzeit und die Auftritte im Jahr 2025, gab Christoph Weigel das Wort an J\u00f6rg Pelzer, der ebenfalls lobende Worte f\u00fcr den Vorstand und sein Ausbildungsorchester hat. Als sch\u00f6ne Erinnerung beschrieb J\u00f6rg nat\u00fcrlich ebenfalls die Neujahrskonzerte als auch das Adventskonzert mit allen Rhader Musikgruppen.<\/p>\n<p>Jannis Gr\u00f6mping und Anne H\u00fclsken f\u00fchrten die anwesenden Musikerinnen und Musiker kurzweilig und witzig durch das vergangene und geplante Programm der Jugendleiter. Dabei erw\u00e4hnten sie die gelungene Planung der Aktionen und Beteiligung der jungen Musikerinnen und Musiker im Verein, die durch die gemeinsamen Erlebnisse ein starkes Gef\u00fchl von Zusammenhalt und Zugeh\u00f6rigkeit entwickeln. Sie sch\u00e4tzen die M\u00f6glichkeit sich mit der Juleica Fortbildung weiterzubilden, um somit eine professionelle Jugendbetreuung gew\u00e4hrleisten zu k\u00f6nnen.<\/p>\n<p>Anschlie\u00dfend berichtete Monika Heisterklaus als Ausbildungskoordinatorin \u00fcber die aktuelle Situation in der Musikausbildung. Zufrieden sei sie mit den Zahlen der Musiksch\u00fclerinnen und -sch\u00fclern. Zunehmend m\u00f6chten auch Erwachsene ein Instrument im Verein erlernen. Kritisch ist weiterhin die Suche nach Musiklehrkr\u00e4ften. Dazu wurde in der Vergangenheit ein Austausch mit umliegenden Vereinen ins Leben gerufen, um gemeinsam dieser Herausforderung entgegenzuwirken. Monika blickt positiv in die Zukunft.<\/p>\n<p>&nbsp;<\/p>\n<h4>Abschluss<\/h4>\n<p>\u201eGigantisch sch\u00f6n!\u201c beschreibt wohl nicht nur das vergangene Jahr, sondern auch das Engagement im Verein der Sch\u00fctzenkapelle Rhade. Mit neuem Tatendrang, dem R\u00fcckenwind der gerade gespielten Neujahrskonzerte 2026 und dem Mut, Willen und Herzblut freuen sich alle auf das Jahr 2026 und was es so mit sich bringt.<\/p>\n<p>Geschlossen wurde die Jahreshauptversammlung um 21.15 Uhr mit einem gemeinsamen Abendessen.<\/p>","protected":false},"excerpt":{"rendered":"<p>Anika Hinzmann ist Musikerin des Jahres Jahreshauptversammlung der Sch\u00fctzenkapelle Rhade \u201eGigantisch sch\u00f6n!\u201c beschreibt Christoph Weigel das Jahr 2025 auf der [&hellip;]<\/p>","protected":false},"author":8,"featured_media":4382,"comment_status":"open","ping_status":"open","sticky":false,"template":"","format":"standard","meta":{"_exactmetrics_skip_tracking":false,"_exactmetrics_sitenote_active":false,"_exactmetrics_sitenote_note":"","_exactmetrics_sitenote_category":0,"footnotes":""},"categories":[1],"tags":[],"class_list":["post-4381","post","type-post","status-publish","format-standard","has-post-thumbnail","hentry","category-allgemein"],"yoast_head":"<!-- This site is optimized with the Yoast SEO plugin v25.0 - https:\/\/yoast.com\/wordpress\/plugins\/seo\/ -->\n<title>Anika Hinzmann ist Musikerin des Jahres - Sch\u00fctzenkapelle Rhade<\/title>\n<meta name=\"robots\" content=\"index, follow, max-snippet:-1, max-image-preview:large, max-video-preview:-1\" \/>\n<link rel=\"canonical\" href=\"https:\/\/www.schuetzenkapelle-rhade.de\/wp\/anika-hinzmann-ist-musikerin-des-jahres\/\" \/>\n<meta property=\"og:locale\" content=\"de_DE\" \/>\n<meta property=\"og:type\" content=\"article\" \/>\n<meta property=\"og:title\" content=\"Anika Hinzmann ist Musikerin des Jahres - Sch\u00fctzenkapelle Rhade\" \/>\n<meta property=\"og:description\" content=\"Anika Hinzmann ist Musikerin des Jahres Jahreshauptversammlung der Sch\u00fctzenkapelle Rhade \u201eGigantisch sch\u00f6n!\u201c beschreibt Christoph Weigel das Jahr 2025 auf der [&hellip;]\" \/>\n<meta property=\"og:url\" content=\"https:\/\/www.schuetzenkapelle-rhade.de\/wp\/anika-hinzmann-ist-musikerin-des-jahres\/\" \/>\n<meta property=\"og:site_name\" content=\"Sch\u00fctzenkapelle Rhade\" \/>\n<meta property=\"article:publisher\" content=\"https:\/\/de-de.facebook.com\/schuetzenkapelle\/\" \/>\n<meta property=\"article:published_time\" content=\"2026-02-09T12:17:42+00:00\" \/>\n<meta property=\"og:image\" content=\"https:\/\/www.schuetzenkapelle-rhade.de\/wp\/wp-content\/uploads\/2026\/02\/20260208_123138.jpg\" \/>\n\t<meta property=\"og:image:width\" content=\"1920\" \/>\n\t<meta property=\"og:image:height\" content=\"1440\" \/>\n\t<meta property=\"og:image:type\" content=\"image\/jpeg\" \/>\n<meta name=\"author\" content=\"Lea Hinzmann-Krampe\" \/>\n<meta name=\"twitter:card\" content=\"summary_large_image\" \/>\n<meta name=\"twitter:label1\" content=\"Verfasst von\" \/>\n\t<meta name=\"twitter:data1\" content=\"Lea Hinzmann-Krampe\" \/>\n\t<meta name=\"twitter:label2\" content=\"Gesch\u00e4tzte Lesezeit\" \/>\n\t<meta name=\"twitter:data2\" content=\"3\u00a0Minuten\" \/>\n<script type=\"application\/ld+json\" class=\"yoast-schema-graph\">{\"@context\":\"https:\/\/schema.org\",\"@graph\":[{\"@type\":\"Article\",\"@id\":\"https:\/\/www.schuetzenkapelle-rhade.de\/wp\/anika-hinzmann-ist-musikerin-des-jahres\/#article\",\"isPartOf\":{\"@id\":\"https:\/\/www.schuetzenkapelle-rhade.de\/wp\/anika-hinzmann-ist-musikerin-des-jahres\/\"},\"author\":{\"name\":\"Lea Hinzmann-Krampe\",\"@id\":\"https:\/\/www.schuetzenkapelle-rhade.de\/wp\/#\/schema\/person\/aa16114bd4531fa88db9d1992b9ef81f\"},\"headline\":\"Anika Hinzmann ist Musikerin des Jahres\",\"datePublished\":\"2026-02-09T12:17:42+00:00\",\"mainEntityOfPage\":{\"@id\":\"https:\/\/www.schuetzenkapelle-rhade.de\/wp\/anika-hinzmann-ist-musikerin-des-jahres\/\"},\"wordCount\":509,\"commentCount\":0,\"publisher\":{\"@id\":\"https:\/\/www.schuetzenkapelle-rhade.de\/wp\/#organization\"},\"image\":{\"@id\":\"https:\/\/www.schuetzenkapelle-rhade.de\/wp\/anika-hinzmann-ist-musikerin-des-jahres\/#primaryimage\"},\"thumbnailUrl\":\"https:\/\/www.schuetzenkapelle-rhade.de\/wp\/wp-content\/uploads\/2026\/02\/20260208_123138.jpg\",\"inLanguage\":\"de\",\"potentialAction\":[{\"@type\":\"CommentAction\",\"name\":\"Comment\",\"target\":[\"https:\/\/www.schuetzenkapelle-rhade.de\/wp\/anika-hinzmann-ist-musikerin-des-jahres\/#respond\"]}]},{\"@type\":\"WebPage\",\"@id\":\"https:\/\/www.schuetzenkapelle-rhade.de\/wp\/anika-hinzmann-ist-musikerin-des-jahres\/\",\"url\":\"https:\/\/www.schuetzenkapelle-rhade.de\/wp\/anika-hinzmann-ist-musikerin-des-jahres\/\",\"name\":\"Anika Hinzmann ist Musikerin des Jahres - Sch\u00fctzenkapelle Rhade\",\"isPartOf\":{\"@id\":\"https:\/\/www.schuetzenkapelle-rhade.de\/wp\/#website\"},\"primaryImageOfPage\":{\"@id\":\"https:\/\/www.schuetzenkapelle-rhade.de\/wp\/anika-hinzmann-ist-musikerin-des-jahres\/#primaryimage\"},\"image\":{\"@id\":\"https:\/\/www.schuetzenkapelle-rhade.de\/wp\/anika-hinzmann-ist-musikerin-des-jahres\/#primaryimage\"},\"thumbnailUrl\":\"https:\/\/www.schuetzenkapelle-rhade.de\/wp\/wp-content\/uploads\/2026\/02\/20260208_123138.jpg\",\"datePublished\":\"2026-02-09T12:17:42+00:00\",\"breadcrumb\":{\"@id\":\"https:\/\/www.schuetzenkapelle-rhade.de\/wp\/anika-hinzmann-ist-musikerin-des-jahres\/#breadcrumb\"},\"inLanguage\":\"de\",\"potentialAction\":[{\"@type\":\"ReadAction\",\"target\":[\"https:\/\/www.schuetzenkapelle-rhade.de\/wp\/anika-hinzmann-ist-musikerin-des-jahres\/\"]}]},{\"@type\":\"ImageObject\",\"inLanguage\":\"de\",\"@id\":\"https:\/\/www.schuetzenkapelle-rhade.de\/wp\/anika-hinzmann-ist-musikerin-des-jahres\/#primaryimage\",\"url\":\"https:\/\/www.schuetzenkapelle-rhade.de\/wp\/wp-content\/uploads\/2026\/02\/20260208_123138.jpg\",\"contentUrl\":\"https:\/\/www.schuetzenkapelle-rhade.de\/wp\/wp-content\/uploads\/2026\/02\/20260208_123138.jpg\",\"width\":1920,\"height\":1440},{\"@type\":\"BreadcrumbList\",\"@id\":\"https:\/\/www.schuetzenkapelle-rhade.de\/wp\/anika-hinzmann-ist-musikerin-des-jahres\/#breadcrumb\",\"itemListElement\":[{\"@type\":\"ListItem\",\"position\":1,\"name\":\"Start\",\"item\":\"https:\/\/www.schuetzenkapelle-rhade.de\/wp\/\"},{\"@type\":\"ListItem\",\"position\":2,\"name\":\"Anika Hinzmann ist Musikerin des Jahres\"}]},{\"@type\":\"WebSite\",\"@id\":\"https:\/\/www.schuetzenkapelle-rhade.de\/wp\/#website\",\"url\":\"https:\/\/www.schuetzenkapelle-rhade.de\/wp\/\",\"name\":\"Sch\u00fctzenkapelle-Rhade.de\",\"description\":\"Die Sch\u00fctzenkapelle Rhade ist ein gemeinn\u00fctziger Verein aus 46286 Dorsten-Rhade und ein leistungsf\u00e4higes Blasorchester mit hochmotivierten Musikerinnen und Musiker.\",\"publisher\":{\"@id\":\"https:\/\/www.schuetzenkapelle-rhade.de\/wp\/#organization\"},\"potentialAction\":[{\"@type\":\"SearchAction\",\"target\":{\"@type\":\"EntryPoint\",\"urlTemplate\":\"https:\/\/www.schuetzenkapelle-rhade.de\/wp\/?s={search_term_string}\"},\"query-input\":{\"@type\":\"PropertyValueSpecification\",\"valueRequired\":true,\"valueName\":\"search_term_string\"}}],\"inLanguage\":\"de\"},{\"@type\":\"Organization\",\"@id\":\"https:\/\/www.schuetzenkapelle-rhade.de\/wp\/#organization\",\"name\":\"Sch\u00fctzenkapelle-Rhade.de\",\"url\":\"https:\/\/www.schuetzenkapelle-rhade.de\/wp\/\",\"logo\":{\"@type\":\"ImageObject\",\"inLanguage\":\"de\",\"@id\":\"https:\/\/www.schuetzenkapelle-rhade.de\/wp\/#\/schema\/logo\/image\/\",\"url\":\"https:\/\/www.schuetzenkapelle-rhade.de\/wp\/wp-content\/uploads\/2023\/01\/logo_gross.png\",\"contentUrl\":\"https:\/\/www.schuetzenkapelle-rhade.de\/wp\/wp-content\/uploads\/2023\/01\/logo_gross.png\",\"width\":2480,\"height\":798,\"caption\":\"Sch\u00fctzenkapelle-Rhade.de\"},\"image\":{\"@id\":\"https:\/\/www.schuetzenkapelle-rhade.de\/wp\/#\/schema\/logo\/image\/\"},\"sameAs\":[\"https:\/\/de-de.facebook.com\/schuetzenkapelle\/\",\"https:\/\/www.instagram.com\/schuetzenkapelle_rhade\/\"]},{\"@type\":\"Person\",\"@id\":\"https:\/\/www.schuetzenkapelle-rhade.de\/wp\/#\/schema\/person\/aa16114bd4531fa88db9d1992b9ef81f\",\"name\":\"Lea Hinzmann-Krampe\",\"image\":{\"@type\":\"ImageObject\",\"inLanguage\":\"de\",\"@id\":\"https:\/\/www.schuetzenkapelle-rhade.de\/wp\/#\/schema\/person\/image\/\",\"url\":\"https:\/\/secure.gravatar.com\/avatar\/23cf047b9c6728ec7cbc9c0560a33ae60cf7a1e70e82cd9546ebe242fa07b6b4?s=96&d=mm&r=g\",\"contentUrl\":\"https:\/\/secure.gravatar.com\/avatar\/23cf047b9c6728ec7cbc9c0560a33ae60cf7a1e70e82cd9546ebe242fa07b6b4?s=96&d=mm&r=g\",\"caption\":\"Lea Hinzmann-Krampe\"},\"url\":\"https:\/\/www.schuetzenkapelle-rhade.de\/wp\/author\/lea\/\"}]}<\/script>\n<!-- \/ Yoast SEO plugin. -->","yoast_head_json":{"title":"Anika Hinzmann ist Musikerin des Jahres - Sch\u00fctzenkapelle Rhade","robots":{"index":"index","follow":"follow","max-snippet":"max-snippet:-1","max-image-preview":"max-image-preview:large","max-video-preview":"max-video-preview:-1"},"canonical":"https:\/\/www.schuetzenkapelle-rhade.de\/wp\/anika-hinzmann-ist-musikerin-des-jahres\/","og_locale":"de_DE","og_type":"article","og_title":"Anika Hinzmann ist Musikerin des Jahres - Sch\u00fctzenkapelle Rhade","og_description":"Anika Hinzmann ist Musikerin des Jahres Jahreshauptversammlung der Sch\u00fctzenkapelle Rhade \u201eGigantisch sch\u00f6n!\u201c beschreibt Christoph Weigel das Jahr 2025 auf der [&hellip;]","og_url":"https:\/\/www.schuetzenkapelle-rhade.de\/wp\/anika-hinzmann-ist-musikerin-des-jahres\/","og_site_name":"Sch\u00fctzenkapelle Rhade","article_publisher":"https:\/\/de-de.facebook.com\/schuetzenkapelle\/","article_published_time":"2026-02-09T12:17:42+00:00","og_image":[{"width":1920,"height":1440,"url":"https:\/\/www.schuetzenkapelle-rhade.de\/wp\/wp-content\/uploads\/2026\/02\/20260208_123138.jpg","type":"image\/jpeg"}],"author":"Lea Hinzmann-Krampe","twitter_card":"summary_large_image","twitter_misc":{"Verfasst von":"Lea Hinzmann-Krampe","Gesch\u00e4tzte Lesezeit":"3\u00a0Minuten"},"schema":{"@context":"https:\/\/schema.org","@graph":[{"@type":"Article","@id":"https:\/\/www.schuetzenkapelle-rhade.de\/wp\/anika-hinzmann-ist-musikerin-des-jahres\/#article","isPartOf":{"@id":"https:\/\/www.schuetzenkapelle-rhade.de\/wp\/anika-hinzmann-ist-musikerin-des-jahres\/"},"author":{"name":"Lea Hinzmann-Krampe","@id":"https:\/\/www.schuetzenkapelle-rhade.de\/wp\/#\/schema\/person\/aa16114bd4531fa88db9d1992b9ef81f"},"headline":"Anika Hinzmann ist Musikerin des Jahres","datePublished":"2026-02-09T12:17:42+00:00","mainEntityOfPage":{"@id":"https:\/\/www.schuetzenkapelle-rhade.de\/wp\/anika-hinzmann-ist-musikerin-des-jahres\/"},"wordCount":509,"commentCount":0,"publisher":{"@id":"https:\/\/www.schuetzenkapelle-rhade.de\/wp\/#organization"},"image":{"@id":"https:\/\/www.schuetzenkapelle-rhade.de\/wp\/anika-hinzmann-ist-musikerin-des-jahres\/#primaryimage"},"thumbnailUrl":"https:\/\/www.schuetzenkapelle-rhade.de\/wp\/wp-content\/uploads\/2026\/02\/20260208_123138.jpg","inLanguage":"de","potentialAction":[{"@type":"CommentAction","name":"Comment","target":["https:\/\/www.schuetzenkapelle-rhade.de\/wp\/anika-hinzmann-ist-musikerin-des-jahres\/#respond"]}]},{"@type":"WebPage","@id":"https:\/\/www.schuetzenkapelle-rhade.de\/wp\/anika-hinzmann-ist-musikerin-des-jahres\/","url":"https:\/\/www.schuetzenkapelle-rhade.de\/wp\/anika-hinzmann-ist-musikerin-des-jahres\/","name":"Anika Hinzmann ist Musikerin des Jahres - Sch\u00fctzenkapelle Rhade","isPartOf":{"@id":"https:\/\/www.schuetzenkapelle-rhade.de\/wp\/#website"},"primaryImageOfPage":{"@id":"https:\/\/www.schuetzenkapelle-rhade.de\/wp\/anika-hinzmann-ist-musikerin-des-jahres\/#primaryimage"},"image":{"@id":"https:\/\/www.schuetzenkapelle-rhade.de\/wp\/anika-hinzmann-ist-musikerin-des-jahres\/#primaryimage"},"thumbnailUrl":"https:\/\/www.schuetzenkapelle-rhade.de\/wp\/wp-content\/uploads\/2026\/02\/20260208_123138.jpg","datePublished":"2026-02-09T12:17:42+00:00","breadcrumb":{"@id":"https:\/\/www.schuetzenkapelle-rhade.de\/wp\/anika-hinzmann-ist-musikerin-des-jahres\/#breadcrumb"},"inLanguage":"de","potentialAction":[{"@type":"ReadAction","target":["https:\/\/www.schuetzenkapelle-rhade.de\/wp\/anika-hinzmann-ist-musikerin-des-jahres\/"]}]},{"@type":"ImageObject","inLanguage":"de","@id":"https:\/\/www.schuetzenkapelle-rhade.de\/wp\/anika-hinzmann-ist-musikerin-des-jahres\/#primaryimage","url":"https:\/\/www.schuetzenkapelle-rhade.de\/wp\/wp-content\/uploads\/2026\/02\/20260208_123138.jpg","contentUrl":"https:\/\/www.schuetzenkapelle-rhade.de\/wp\/wp-content\/uploads\/2026\/02\/20260208_123138.jpg","width":1920,"height":1440},{"@type":"BreadcrumbList","@id":"https:\/\/www.schuetzenkapelle-rhade.de\/wp\/anika-hinzmann-ist-musikerin-des-jahres\/#breadcrumb","itemListElement":[{"@type":"ListItem","position":1,"name":"Start","item":"https:\/\/www.schuetzenkapelle-rhade.de\/wp\/"},{"@type":"ListItem","position":2,"name":"Anika Hinzmann ist Musikerin des Jahres"}]},{"@type":"WebSite","@id":"https:\/\/www.schuetzenkapelle-rhade.de\/wp\/#website","url":"https:\/\/www.schuetzenkapelle-rhade.de\/wp\/","name":"Sch\u00fctzenkapelle-Rhade.de","description":"Die Sch\u00fctzenkapelle Rhade ist ein gemeinn\u00fctziger Verein aus 46286 Dorsten-Rhade und ein leistungsf\u00e4higes Blasorchester mit hochmotivierten Musikerinnen und Musiker.","publisher":{"@id":"https:\/\/www.schuetzenkapelle-rhade.de\/wp\/#organization"},"potentialAction":[{"@type":"SearchAction","target":{"@type":"EntryPoint","urlTemplate":"https:\/\/www.schuetzenkapelle-rhade.de\/wp\/?s={search_term_string}"},"query-input":{"@type":"PropertyValueSpecification","valueRequired":true,"valueName":"search_term_string"}}],"inLanguage":"de"},{"@type":"Organization","@id":"https:\/\/www.schuetzenkapelle-rhade.de\/wp\/#organization","name":"Sch\u00fctzenkapelle-Rhade.de","url":"https:\/\/www.schuetzenkapelle-rhade.de\/wp\/","logo":{"@type":"ImageObject","inLanguage":"de","@id":"https:\/\/www.schuetzenkapelle-rhade.de\/wp\/#\/schema\/logo\/image\/","url":"https:\/\/www.schuetzenkapelle-rhade.de\/wp\/wp-content\/uploads\/2023\/01\/logo_gross.png","contentUrl":"https:\/\/www.schuetzenkapelle-rhade.de\/wp\/wp-content\/uploads\/2023\/01\/logo_gross.png","width":2480,"height":798,"caption":"Sch\u00fctzenkapelle-Rhade.de"},"image":{"@id":"https:\/\/www.schuetzenkapelle-rhade.de\/wp\/#\/schema\/logo\/image\/"},"sameAs":["https:\/\/de-de.facebook.com\/schuetzenkapelle\/","https:\/\/www.instagram.com\/schuetzenkapelle_rhade\/"]},{"@type":"Person","@id":"https:\/\/www.schuetzenkapelle-rhade.de\/wp\/#\/schema\/person\/aa16114bd4531fa88db9d1992b9ef81f","name":"Lea Hinzmann-Krampe","image":{"@type":"ImageObject","inLanguage":"de","@id":"https:\/\/www.schuetzenkapelle-rhade.de\/wp\/#\/schema\/person\/image\/","url":"https:\/\/secure.gravatar.com\/avatar\/23cf047b9c6728ec7cbc9c0560a33ae60cf7a1e70e82cd9546ebe242fa07b6b4?s=96&d=mm&r=g","contentUrl":"https:\/\/secure.gravatar.com\/avatar\/23cf047b9c6728ec7cbc9c0560a33ae60cf7a1e70e82cd9546ebe242fa07b6b4?s=96&d=mm&r=g","caption":"Lea Hinzmann-Krampe"},"url":"https:\/\/www.schuetzenkapelle-rhade.de\/wp\/author\/lea\/"}]}},"_links":{"self":[{"href":"https:\/\/www.schuetzenkapelle-rhade.de\/wp\/wp-json\/wp\/v2\/posts\/4381","targetHints":{"allow":["GET"]}}],"collection":[{"href":"https:\/\/www.schuetzenkapelle-rhade.de\/wp\/wp-json\/wp\/v2\/posts"}],"about":[{"href":"https:\/\/www.schuetzenkapelle-rhade.de\/wp\/wp-json\/wp\/v2\/types\/post"}],"author":[{"embeddable":true,"href":"https:\/\/www.schuetzenkapelle-rhade.de\/wp\/wp-json\/wp\/v2\/users\/8"}],"replies":[{"embeddable":true,"href":"https:\/\/www.schuetzenkapelle-rhade.de\/wp\/wp-json\/wp\/v2\/comments?post=4381"}],"version-history":[{"count":2,"href":"https:\/\/www.schuetzenkapelle-rhade.de\/wp\/wp-json\/wp\/v2\/posts\/4381\/revisions"}],"predecessor-version":[{"id":4384,"href":"https:\/\/www.schuetzenkapelle-rhade.de\/wp\/wp-json\/wp\/v2\/posts\/4381\/revisions\/4384"}],"wp:featuredmedia":[{"embeddable":true,"href":"https:\/\/www.schuetzenkapelle-rhade.de\/wp\/wp-json\/wp\/v2\/media\/4382"}],"wp:attachment":[{"href":"https:\/\/www.schuetzenkapelle-rhade.de\/wp\/wp-json\/wp\/v2\/media?parent=4381"}],"wp:term":[{"taxonomy":"category","embeddable":true,"href":"https:\/\/www.schuetzenkapelle-rhade.de\/wp\/wp-json\/wp\/v2\/categories?post=4381"},{"taxonomy":"post_tag","embeddable":true,"href":"https:\/\/www.schuetzenkapelle-rhade.de\/wp\/wp-json\/wp\/v2\/tags?post=4381"}],"curies":[{"name":"wp","href":"https:\/\/api.w.org\/{rel}","templated":true}]}}