{"id":1487,"date":"2015-11-08T14:50:53","date_gmt":"2015-11-08T13:50:53","guid":{"rendered":"http:\/\/www.schuetzenkapelle-rhade.de\/wp\/?p=1487"},"modified":"2018-04-04T18:40:08","modified_gmt":"2018-04-04T16:40:08","slug":"relaunch-unserer-webseite","status":"publish","type":"post","link":"https:\/\/www.schuetzenkapelle-rhade.de\/wp\/relaunch-unserer-webseite\/","title":{"rendered":"Relaunch unserer Webseite"},"content":{"rendered":"<div class=\"fusion-fullwidth fullwidth-box fusion-builder-row-1 nonhundred-percent-fullwidth non-hundred-percent-height-scrolling\" style=\"--awb-background-position:left top;--awb-border-radius-top-left:0px;--awb-border-radius-top-right:0px;--awb-border-radius-bottom-right:0px;--awb-border-radius-bottom-left:0px;--awb-padding-top:20px;--awb-padding-right:0px;--awb-padding-bottom:20px;--awb-padding-left:0px;--awb-border-sizes-top:0px;--awb-border-sizes-bottom:0px;\" ><div class=\"fusion-builder-row fusion-row\"><div class=\"fusion-layout-column fusion_builder_column fusion-builder-column-0 fusion_builder_column_1_1 1_1 fusion-one-full fusion-column-first fusion-column-last fusion-column-no-min-height\" style=\"--awb-bg-size:cover;--awb-margin-top:0px;--awb-margin-bottom:0px;\"><div class=\"fusion-column-wrapper fusion-flex-column-wrapper-legacy\"><div class=\"fusion-text fusion-text-1\"><p>Der letzte Neustart (sogenannte Relaunch) unserer Webseite ist schon mehr als 7 Jahre her: Das war Grund genug\u00a0unsere Online-Pr\u00e4sentation rundum zu erneuern.<\/p>\n<p><strong>Was gibt es denn Neues zu entdecken?<\/strong><\/p>\n<p>Als Erstes ist Euch bestimmt der Slider auf der Startseite aufgefallen. Hier seht Ihr nicht nur Fotos von uns, dort werden in naher Zukunft auch News angek\u00fcndigt. Zudem ist es jetzt jedem Besucher unserer Webseite m\u00f6glich neue Artikel und Fotogalerien zu kommentieren oder mit dem sozialen Netzwerk seiner Wahl zu teilen.<\/p>\n<p>Nat\u00fcrlich liest auch jemand diese Kommentare. Deswegen wundert Euch nicht falls ein Kommentar mal nicht direkt ver\u00f6ffentlicht wird, sondern erst sp\u00e4ter erscheint, da er zun\u00e4chst\u00a0durch einen Administrator freigegeben werden muss. Au\u00dferdem habt Ihr so einen viel direkteren Weg zu uns und wir bekommen hoffentlich\u00a0eher Feedback von Euch.<\/p>\n<p>Die klassischen Wege wie Telefon, Email oder pers\u00f6nlicher Besuch bei der Probe stehen Euch nat\u00fcrlich auch weiterhin zur Verf\u00fcgung. Wir wollen nur versuchen Euch auch noch auf diesem Wege besser zu erreichen.<\/p>\n<p>Also auf gehts! Durchst\u00f6bert die Seite, kommentiert flei\u00dfig und erz\u00e4hlt jedem dass sich ein Besuch mal wieder lohnt!<\/p>\n<p>Viel Spa\u00df,<br \/>\nEure Sch\u00fctzenkapelle Rhade<\/p>\n<\/div><div class=\"fusion-clearfix\"><\/div><\/div><\/div><\/div><\/div>","protected":false},"excerpt":{"rendered":"","protected":false},"author":1,"featured_media":1488,"comment_status":"open","ping_status":"open","sticky":false,"template":"","format":"standard","meta":{"_exactmetrics_skip_tracking":false,"_exactmetrics_sitenote_active":false,"_exactmetrics_sitenote_note":"","_exactmetrics_sitenote_category":0,"footnotes":""},"categories":[1,41],"tags":[],"class_list":["post-1487","post","type-post","status-publish","format-standard","has-post-thumbnail","hentry","category-allgemein","category-presse"],"yoast_head":"<!-- This site is optimized with the Yoast SEO plugin v25.0 - https:\/\/yoast.com\/wordpress\/plugins\/seo\/ -->\n<title>Relaunch der Webseite der Sch\u00fctzenkapelle Rhade<\/title>\n<meta name=\"description\" content=\"Unsere Webseite wurde komplett \u00fcberarbeitet. Viel Spa\u00df beim St\u00f6bern der Artikel, Fotogalerien und beim Kommentieren.\" \/>\n<meta name=\"robots\" content=\"index, follow, max-snippet:-1, max-image-preview:large, max-video-preview:-1\" \/>\n<link rel=\"canonical\" href=\"https:\/\/www.schuetzenkapelle-rhade.de\/wp\/relaunch-unserer-webseite\/\" \/>\n<meta property=\"og:locale\" content=\"de_DE\" \/>\n<meta property=\"og:type\" content=\"article\" \/>\n<meta property=\"og:title\" content=\"Relaunch der Webseite der Sch\u00fctzenkapelle Rhade\" \/>\n<meta property=\"og:description\" content=\"Unsere Webseite wurde komplett \u00fcberarbeitet. Viel Spa\u00df beim St\u00f6bern der Artikel, Fotogalerien und beim Kommentieren.\" \/>\n<meta property=\"og:url\" content=\"https:\/\/www.schuetzenkapelle-rhade.de\/wp\/relaunch-unserer-webseite\/\" \/>\n<meta property=\"og:site_name\" content=\"Sch\u00fctzenkapelle Rhade\" \/>\n<meta property=\"article:publisher\" content=\"https:\/\/de-de.facebook.com\/schuetzenkapelle\/\" \/>\n<meta property=\"article:published_time\" content=\"2015-11-08T13:50:53+00:00\" \/>\n<meta property=\"article:modified_time\" content=\"2018-04-04T16:40:08+00:00\" \/>\n<meta property=\"og:image\" content=\"https:\/\/www.schuetzenkapelle-rhade.de\/wp\/wp-content\/uploads\/2015\/10\/neue_webseite.png\" \/>\n\t<meta property=\"og:image:width\" content=\"1220\" \/>\n\t<meta property=\"og:image:height\" content=\"968\" \/>\n\t<meta property=\"og:image:type\" content=\"image\/png\" \/>\n<meta name=\"author\" content=\"Alexander\" \/>\n<meta name=\"twitter:card\" content=\"summary_large_image\" \/>\n<meta name=\"twitter:label1\" content=\"Verfasst von\" \/>\n\t<meta name=\"twitter:data1\" content=\"Alexander\" \/>\n\t<meta name=\"twitter:label2\" content=\"Gesch\u00e4tzte Lesezeit\" \/>\n\t<meta name=\"twitter:data2\" content=\"2\u00a0Minuten\" \/>\n<script type=\"application\/ld+json\" class=\"yoast-schema-graph\">{\"@context\":\"https:\/\/schema.org\",\"@graph\":[{\"@type\":\"Article\",\"@id\":\"https:\/\/www.schuetzenkapelle-rhade.de\/wp\/relaunch-unserer-webseite\/#article\",\"isPartOf\":{\"@id\":\"https:\/\/www.schuetzenkapelle-rhade.de\/wp\/relaunch-unserer-webseite\/\"},\"author\":{\"name\":\"Alexander\",\"@id\":\"https:\/\/www.schuetzenkapelle-rhade.de\/wp\/#\/schema\/person\/1421b572b74043ef6c65881bea60bd05\"},\"headline\":\"Relaunch unserer Webseite\",\"datePublished\":\"2015-11-08T13:50:53+00:00\",\"dateModified\":\"2018-04-04T16:40:08+00:00\",\"mainEntityOfPage\":{\"@id\":\"https:\/\/www.schuetzenkapelle-rhade.de\/wp\/relaunch-unserer-webseite\/\"},\"wordCount\":346,\"commentCount\":0,\"publisher\":{\"@id\":\"https:\/\/www.schuetzenkapelle-rhade.de\/wp\/#organization\"},\"image\":{\"@id\":\"https:\/\/www.schuetzenkapelle-rhade.de\/wp\/relaunch-unserer-webseite\/#primaryimage\"},\"thumbnailUrl\":\"https:\/\/www.schuetzenkapelle-rhade.de\/wp\/wp-content\/uploads\/2015\/10\/neue_webseite.png\",\"articleSection\":{\"1\":\"Presse\"},\"inLanguage\":\"de\",\"potentialAction\":[{\"@type\":\"CommentAction\",\"name\":\"Comment\",\"target\":[\"https:\/\/www.schuetzenkapelle-rhade.de\/wp\/relaunch-unserer-webseite\/#respond\"]}]},{\"@type\":\"WebPage\",\"@id\":\"https:\/\/www.schuetzenkapelle-rhade.de\/wp\/relaunch-unserer-webseite\/\",\"url\":\"https:\/\/www.schuetzenkapelle-rhade.de\/wp\/relaunch-unserer-webseite\/\",\"name\":\"Relaunch der Webseite der Sch\u00fctzenkapelle Rhade\",\"isPartOf\":{\"@id\":\"https:\/\/www.schuetzenkapelle-rhade.de\/wp\/#website\"},\"primaryImageOfPage\":{\"@id\":\"https:\/\/www.schuetzenkapelle-rhade.de\/wp\/relaunch-unserer-webseite\/#primaryimage\"},\"image\":{\"@id\":\"https:\/\/www.schuetzenkapelle-rhade.de\/wp\/relaunch-unserer-webseite\/#primaryimage\"},\"thumbnailUrl\":\"https:\/\/www.schuetzenkapelle-rhade.de\/wp\/wp-content\/uploads\/2015\/10\/neue_webseite.png\",\"datePublished\":\"2015-11-08T13:50:53+00:00\",\"dateModified\":\"2018-04-04T16:40:08+00:00\",\"description\":\"Unsere Webseite wurde komplett \u00fcberarbeitet. Viel Spa\u00df beim St\u00f6bern der Artikel, Fotogalerien und beim Kommentieren.\",\"breadcrumb\":{\"@id\":\"https:\/\/www.schuetzenkapelle-rhade.de\/wp\/relaunch-unserer-webseite\/#breadcrumb\"},\"inLanguage\":\"de\",\"potentialAction\":[{\"@type\":\"ReadAction\",\"target\":[\"https:\/\/www.schuetzenkapelle-rhade.de\/wp\/relaunch-unserer-webseite\/\"]}]},{\"@type\":\"ImageObject\",\"inLanguage\":\"de\",\"@id\":\"https:\/\/www.schuetzenkapelle-rhade.de\/wp\/relaunch-unserer-webseite\/#primaryimage\",\"url\":\"https:\/\/www.schuetzenkapelle-rhade.de\/wp\/wp-content\/uploads\/2015\/10\/neue_webseite.png\",\"contentUrl\":\"https:\/\/www.schuetzenkapelle-rhade.de\/wp\/wp-content\/uploads\/2015\/10\/neue_webseite.png\",\"width\":1220,\"height\":968},{\"@type\":\"BreadcrumbList\",\"@id\":\"https:\/\/www.schuetzenkapelle-rhade.de\/wp\/relaunch-unserer-webseite\/#breadcrumb\",\"itemListElement\":[{\"@type\":\"ListItem\",\"position\":1,\"name\":\"Start\",\"item\":\"https:\/\/www.schuetzenkapelle-rhade.de\/wp\/\"},{\"@type\":\"ListItem\",\"position\":2,\"name\":\"Relaunch unserer Webseite\"}]},{\"@type\":\"WebSite\",\"@id\":\"https:\/\/www.schuetzenkapelle-rhade.de\/wp\/#website\",\"url\":\"https:\/\/www.schuetzenkapelle-rhade.de\/wp\/\",\"name\":\"Sch\u00fctzenkapelle-Rhade.de\",\"description\":\"Die Sch\u00fctzenkapelle Rhade ist ein gemeinn\u00fctziger Verein aus 46286 Dorsten-Rhade und ein leistungsf\u00e4higes Blasorchester mit hochmotivierten Musikerinnen und Musiker.\",\"publisher\":{\"@id\":\"https:\/\/www.schuetzenkapelle-rhade.de\/wp\/#organization\"},\"potentialAction\":[{\"@type\":\"SearchAction\",\"target\":{\"@type\":\"EntryPoint\",\"urlTemplate\":\"https:\/\/www.schuetzenkapelle-rhade.de\/wp\/?s={search_term_string}\"},\"query-input\":{\"@type\":\"PropertyValueSpecification\",\"valueRequired\":true,\"valueName\":\"search_term_string\"}}],\"inLanguage\":\"de\"},{\"@type\":\"Organization\",\"@id\":\"https:\/\/www.schuetzenkapelle-rhade.de\/wp\/#organization\",\"name\":\"Sch\u00fctzenkapelle-Rhade.de\",\"url\":\"https:\/\/www.schuetzenkapelle-rhade.de\/wp\/\",\"logo\":{\"@type\":\"ImageObject\",\"inLanguage\":\"de\",\"@id\":\"https:\/\/www.schuetzenkapelle-rhade.de\/wp\/#\/schema\/logo\/image\/\",\"url\":\"https:\/\/www.schuetzenkapelle-rhade.de\/wp\/wp-content\/uploads\/2023\/01\/logo_gross.png\",\"contentUrl\":\"https:\/\/www.schuetzenkapelle-rhade.de\/wp\/wp-content\/uploads\/2023\/01\/logo_gross.png\",\"width\":2480,\"height\":798,\"caption\":\"Sch\u00fctzenkapelle-Rhade.de\"},\"image\":{\"@id\":\"https:\/\/www.schuetzenkapelle-rhade.de\/wp\/#\/schema\/logo\/image\/\"},\"sameAs\":[\"https:\/\/de-de.facebook.com\/schuetzenkapelle\/\",\"https:\/\/www.instagram.com\/schuetzenkapelle_rhade\/\"]},{\"@type\":\"Person\",\"@id\":\"https:\/\/www.schuetzenkapelle-rhade.de\/wp\/#\/schema\/person\/1421b572b74043ef6c65881bea60bd05\",\"name\":\"Alexander\",\"image\":{\"@type\":\"ImageObject\",\"inLanguage\":\"de\",\"@id\":\"https:\/\/www.schuetzenkapelle-rhade.de\/wp\/#\/schema\/person\/image\/\",\"url\":\"https:\/\/secure.gravatar.com\/avatar\/50422f82fe5db09a52e8afb18cb2e4ffc76e439971cca668ba1edac5f052b84e?s=96&d=mm&r=g\",\"contentUrl\":\"https:\/\/secure.gravatar.com\/avatar\/50422f82fe5db09a52e8afb18cb2e4ffc76e439971cca668ba1edac5f052b84e?s=96&d=mm&r=g\",\"caption\":\"Alexander\"},\"url\":\"https:\/\/www.schuetzenkapelle-rhade.de\/wp\/author\/commander\/\"}]}<\/script>\n<!-- \/ Yoast SEO plugin. -->","yoast_head_json":{"title":"Relaunch der Webseite der Sch\u00fctzenkapelle Rhade","description":"Unsere Webseite wurde komplett \u00fcberarbeitet. Viel Spa\u00df beim St\u00f6bern der Artikel, Fotogalerien und beim Kommentieren.","robots":{"index":"index","follow":"follow","max-snippet":"max-snippet:-1","max-image-preview":"max-image-preview:large","max-video-preview":"max-video-preview:-1"},"canonical":"https:\/\/www.schuetzenkapelle-rhade.de\/wp\/relaunch-unserer-webseite\/","og_locale":"de_DE","og_type":"article","og_title":"Relaunch der Webseite der Sch\u00fctzenkapelle Rhade","og_description":"Unsere Webseite wurde komplett \u00fcberarbeitet. Viel Spa\u00df beim St\u00f6bern der Artikel, Fotogalerien und beim Kommentieren.","og_url":"https:\/\/www.schuetzenkapelle-rhade.de\/wp\/relaunch-unserer-webseite\/","og_site_name":"Sch\u00fctzenkapelle Rhade","article_publisher":"https:\/\/de-de.facebook.com\/schuetzenkapelle\/","article_published_time":"2015-11-08T13:50:53+00:00","article_modified_time":"2018-04-04T16:40:08+00:00","og_image":[{"width":1220,"height":968,"url":"https:\/\/www.schuetzenkapelle-rhade.de\/wp\/wp-content\/uploads\/2015\/10\/neue_webseite.png","type":"image\/png"}],"author":"Alexander","twitter_card":"summary_large_image","twitter_misc":{"Verfasst von":"Alexander","Gesch\u00e4tzte Lesezeit":"2\u00a0Minuten"},"schema":{"@context":"https:\/\/schema.org","@graph":[{"@type":"Article","@id":"https:\/\/www.schuetzenkapelle-rhade.de\/wp\/relaunch-unserer-webseite\/#article","isPartOf":{"@id":"https:\/\/www.schuetzenkapelle-rhade.de\/wp\/relaunch-unserer-webseite\/"},"author":{"name":"Alexander","@id":"https:\/\/www.schuetzenkapelle-rhade.de\/wp\/#\/schema\/person\/1421b572b74043ef6c65881bea60bd05"},"headline":"Relaunch unserer Webseite","datePublished":"2015-11-08T13:50:53+00:00","dateModified":"2018-04-04T16:40:08+00:00","mainEntityOfPage":{"@id":"https:\/\/www.schuetzenkapelle-rhade.de\/wp\/relaunch-unserer-webseite\/"},"wordCount":346,"commentCount":0,"publisher":{"@id":"https:\/\/www.schuetzenkapelle-rhade.de\/wp\/#organization"},"image":{"@id":"https:\/\/www.schuetzenkapelle-rhade.de\/wp\/relaunch-unserer-webseite\/#primaryimage"},"thumbnailUrl":"https:\/\/www.schuetzenkapelle-rhade.de\/wp\/wp-content\/uploads\/2015\/10\/neue_webseite.png","articleSection":{"1":"Presse"},"inLanguage":"de","potentialAction":[{"@type":"CommentAction","name":"Comment","target":["https:\/\/www.schuetzenkapelle-rhade.de\/wp\/relaunch-unserer-webseite\/#respond"]}]},{"@type":"WebPage","@id":"https:\/\/www.schuetzenkapelle-rhade.de\/wp\/relaunch-unserer-webseite\/","url":"https:\/\/www.schuetzenkapelle-rhade.de\/wp\/relaunch-unserer-webseite\/","name":"Relaunch der Webseite der Sch\u00fctzenkapelle Rhade","isPartOf":{"@id":"https:\/\/www.schuetzenkapelle-rhade.de\/wp\/#website"},"primaryImageOfPage":{"@id":"https:\/\/www.schuetzenkapelle-rhade.de\/wp\/relaunch-unserer-webseite\/#primaryimage"},"image":{"@id":"https:\/\/www.schuetzenkapelle-rhade.de\/wp\/relaunch-unserer-webseite\/#primaryimage"},"thumbnailUrl":"https:\/\/www.schuetzenkapelle-rhade.de\/wp\/wp-content\/uploads\/2015\/10\/neue_webseite.png","datePublished":"2015-11-08T13:50:53+00:00","dateModified":"2018-04-04T16:40:08+00:00","description":"Unsere Webseite wurde komplett \u00fcberarbeitet. Viel Spa\u00df beim St\u00f6bern der Artikel, Fotogalerien und beim Kommentieren.","breadcrumb":{"@id":"https:\/\/www.schuetzenkapelle-rhade.de\/wp\/relaunch-unserer-webseite\/#breadcrumb"},"inLanguage":"de","potentialAction":[{"@type":"ReadAction","target":["https:\/\/www.schuetzenkapelle-rhade.de\/wp\/relaunch-unserer-webseite\/"]}]},{"@type":"ImageObject","inLanguage":"de","@id":"https:\/\/www.schuetzenkapelle-rhade.de\/wp\/relaunch-unserer-webseite\/#primaryimage","url":"https:\/\/www.schuetzenkapelle-rhade.de\/wp\/wp-content\/uploads\/2015\/10\/neue_webseite.png","contentUrl":"https:\/\/www.schuetzenkapelle-rhade.de\/wp\/wp-content\/uploads\/2015\/10\/neue_webseite.png","width":1220,"height":968},{"@type":"BreadcrumbList","@id":"https:\/\/www.schuetzenkapelle-rhade.de\/wp\/relaunch-unserer-webseite\/#breadcrumb","itemListElement":[{"@type":"ListItem","position":1,"name":"Start","item":"https:\/\/www.schuetzenkapelle-rhade.de\/wp\/"},{"@type":"ListItem","position":2,"name":"Relaunch unserer Webseite"}]},{"@type":"WebSite","@id":"https:\/\/www.schuetzenkapelle-rhade.de\/wp\/#website","url":"https:\/\/www.schuetzenkapelle-rhade.de\/wp\/","name":"Sch\u00fctzenkapelle-Rhade.de","description":"Die Sch\u00fctzenkapelle Rhade ist ein gemeinn\u00fctziger Verein aus 46286 Dorsten-Rhade und ein leistungsf\u00e4higes Blasorchester mit hochmotivierten Musikerinnen und Musiker.","publisher":{"@id":"https:\/\/www.schuetzenkapelle-rhade.de\/wp\/#organization"},"potentialAction":[{"@type":"SearchAction","target":{"@type":"EntryPoint","urlTemplate":"https:\/\/www.schuetzenkapelle-rhade.de\/wp\/?s={search_term_string}"},"query-input":{"@type":"PropertyValueSpecification","valueRequired":true,"valueName":"search_term_string"}}],"inLanguage":"de"},{"@type":"Organization","@id":"https:\/\/www.schuetzenkapelle-rhade.de\/wp\/#organization","name":"Sch\u00fctzenkapelle-Rhade.de","url":"https:\/\/www.schuetzenkapelle-rhade.de\/wp\/","logo":{"@type":"ImageObject","inLanguage":"de","@id":"https:\/\/www.schuetzenkapelle-rhade.de\/wp\/#\/schema\/logo\/image\/","url":"https:\/\/www.schuetzenkapelle-rhade.de\/wp\/wp-content\/uploads\/2023\/01\/logo_gross.png","contentUrl":"https:\/\/www.schuetzenkapelle-rhade.de\/wp\/wp-content\/uploads\/2023\/01\/logo_gross.png","width":2480,"height":798,"caption":"Sch\u00fctzenkapelle-Rhade.de"},"image":{"@id":"https:\/\/www.schuetzenkapelle-rhade.de\/wp\/#\/schema\/logo\/image\/"},"sameAs":["https:\/\/de-de.facebook.com\/schuetzenkapelle\/","https:\/\/www.instagram.com\/schuetzenkapelle_rhade\/"]},{"@type":"Person","@id":"https:\/\/www.schuetzenkapelle-rhade.de\/wp\/#\/schema\/person\/1421b572b74043ef6c65881bea60bd05","name":"Alexander","image":{"@type":"ImageObject","inLanguage":"de","@id":"https:\/\/www.schuetzenkapelle-rhade.de\/wp\/#\/schema\/person\/image\/","url":"https:\/\/secure.gravatar.com\/avatar\/50422f82fe5db09a52e8afb18cb2e4ffc76e439971cca668ba1edac5f052b84e?s=96&d=mm&r=g","contentUrl":"https:\/\/secure.gravatar.com\/avatar\/50422f82fe5db09a52e8afb18cb2e4ffc76e439971cca668ba1edac5f052b84e?s=96&d=mm&r=g","caption":"Alexander"},"url":"https:\/\/www.schuetzenkapelle-rhade.de\/wp\/author\/commander\/"}]}},"_links":{"self":[{"href":"https:\/\/www.schuetzenkapelle-rhade.de\/wp\/wp-json\/wp\/v2\/posts\/1487","targetHints":{"allow":["GET"]}}],"collection":[{"href":"https:\/\/www.schuetzenkapelle-rhade.de\/wp\/wp-json\/wp\/v2\/posts"}],"about":[{"href":"https:\/\/www.schuetzenkapelle-rhade.de\/wp\/wp-json\/wp\/v2\/types\/post"}],"author":[{"embeddable":true,"href":"https:\/\/www.schuetzenkapelle-rhade.de\/wp\/wp-json\/wp\/v2\/users\/1"}],"replies":[{"embeddable":true,"href":"https:\/\/www.schuetzenkapelle-rhade.de\/wp\/wp-json\/wp\/v2\/comments?post=1487"}],"version-history":[{"count":4,"href":"https:\/\/www.schuetzenkapelle-rhade.de\/wp\/wp-json\/wp\/v2\/posts\/1487\/revisions"}],"predecessor-version":[{"id":2606,"href":"https:\/\/www.schuetzenkapelle-rhade.de\/wp\/wp-json\/wp\/v2\/posts\/1487\/revisions\/2606"}],"wp:featuredmedia":[{"embeddable":true,"href":"https:\/\/www.schuetzenkapelle-rhade.de\/wp\/wp-json\/wp\/v2\/media\/1488"}],"wp:attachment":[{"href":"https:\/\/www.schuetzenkapelle-rhade.de\/wp\/wp-json\/wp\/v2\/media?parent=1487"}],"wp:term":[{"taxonomy":"category","embeddable":true,"href":"https:\/\/www.schuetzenkapelle-rhade.de\/wp\/wp-json\/wp\/v2\/categories?post=1487"},{"taxonomy":"post_tag","embeddable":true,"href":"https:\/\/www.schuetzenkapelle-rhade.de\/wp\/wp-json\/wp\/v2\/tags?post=1487"}],"curies":[{"name":"wp","href":"https:\/\/api.w.org\/{rel}","templated":true}]}}